{"id":902,"date":"2018-10-26T18:32:35","date_gmt":"2018-10-26T18:32:35","guid":{"rendered":"https:\/\/preview.reportage.alpeninitiative.ch\/fr\/kapitel6\/"},"modified":"2018-11-15T09:10:05","modified_gmt":"2018-11-15T09:10:05","slug":"chapitre6","status":"publish","type":"post","link":"https:\/\/reportage.proalps.ch\/fr\/chapitre6\/","title":{"rendered":"Des contr\u00f4les s\u00e9v\u00e8res"},"content":{"rendered":"<p>Direction Gothard, juste avant Erstfeld, se trouve le centre de comp\u00e9tence trafic lourd (CCTL) qui est g\u00e9r\u00e9 par la police cantonale uranaise. Chaque poids lourd doit quitter l&rsquo;autoroute ici et passer devant les employ\u00e9s du CCTL. Ainsi lorsqu\u2019ils consid\u00e8rent qu\u2019un v\u00e9hicule est en mauvais, il est aiguill\u00e9 pour \u00eatre examin\u00e9 sous toutes les coutures. Cependant, les employ\u00e9s sont uniquement autoris\u00e9s \u00e0 faire des contr\u00f4les par sondage. Conform\u00e9ment aux accords internationaux sign\u00e9s par la Suisse, m\u00eame si les contr\u00f4leuses et contr\u00f4leurs du CCTL remarquent que les v\u00e9hicules d&rsquo;une certaine entreprise sont souvent mal entretenus, ils ne sont pas autoris\u00e9s \u00e0 les contr\u00f4ler syst\u00e9matiquement.<\/p>\n\n[aesop_video width=\u00a0\u00bbcontent\u00a0\u00bb align=\u00a0\u00bbcenter\u00a0\u00bb src=\u00a0\u00bbvimeo\u00a0\u00bb id=\u00a0\u00bb299612649&Prime; caption=\u00a0\u00bbCentre de comp\u00e9tence trafic lourd  (Erstfeld UR)\u00a0\u00bb disable_for_mobile=\u00a0\u00bbon\u00a0\u00bb loop=\u00a0\u00bboff\u00a0\u00bb autoplay=\u00a0\u00bboff\u00a0\u00bb controls=\u00a0\u00bbon\u00a0\u00bb viewstart=\u00a0\u00bboff\u00a0\u00bb viewend=\u00a0\u00bbon\u00a0\u00bb revealfx=\u00a0\u00bbinplaceslow\u00a0\u00bb overlay_revealfx=\u00a0\u00bboff\u00a0\u00bb]\n<p>L&rsquo;ann\u00e9e pass\u00e9e, pr\u00e8s de 370 000 camions ont travers\u00e9 le Gothard, pr\u00e8s de 17 000 ont \u00e9t\u00e9 contr\u00f4l\u00e9s par le CCTL, environ 5900 ont \u00e9t\u00e9 appr\u00e9hend\u00e9s.<br \/>\nIl est possible ici de contr\u00f4ler les v\u00e9hicules de mani\u00e8re approfondie et m\u00eame d\u2019inspecter sous le ch\u00e2ssis. Bien des chauffeurs avouent qu&rsquo;ils \u00e9vitent si possible le Gothard puisque les contr\u00f4les sont si s\u00e9v\u00e8res.<\/p>\n<p>Une amende d&rsquo;ordre punit les petites infractions. Le Minist\u00e8re public se charge des grandes contraventions et les routiers doivent payer une caution qui peut s&rsquo;\u00e9lever jusqu&rsquo;\u00e0 2000 francs.<\/p>\n<p>Le CCTL contr\u00f4le \u00e9galement les temps de conduite et de repos. Celui qui ne s&rsquo;y tient pas est mis \u00e0 l&rsquo;amende. Parfois, les chauffeurs doivent dormir un peu sur le parking du centre avant de pouvoir reprendre leur route. Toilettes et douches sont ici gratuites. On peut aussi y passer la nuit si le camion est en ordre.<\/p>\n<p>\u00ab Les contr\u00f4les s\u00e9v\u00e8res sont effectu\u00e9s dans l&rsquo;int\u00e9r\u00eat de la s\u00e9curit\u00e9 routi\u00e8re et confortent aussi les chauffeurs \u00bb, constate Stefan Simmen, chef du CCTL.<\/p>\n\n[aesop_video width=\u00a0\u00bbcontent\u00a0\u00bb align=\u00a0\u00bbcenter\u00a0\u00bb src=\u00a0\u00bbvimeo\u00a0\u00bb id=\u00a0\u00bb299613750&Prime; caption=\u00a0\u00bbStefan Simmen, chef du centre de comp\u00e9tence trafic lourd Ripshausen (Erstfeld UR)\u00a0\u00bb disable_for_mobile=\u00a0\u00bbon\u00a0\u00bb loop=\u00a0\u00bboff\u00a0\u00bb autoplay=\u00a0\u00bboff\u00a0\u00bb controls=\u00a0\u00bbon\u00a0\u00bb viewstart=\u00a0\u00bboff\u00a0\u00bb viewend=\u00a0\u00bbon\u00a0\u00bb revealfx=\u00a0\u00bbinplace\u00a0\u00bb overlay_revealfx=\u00a0\u00bboff\u00a0\u00bb]\n\n\n[aesop_parallax img=\u00a0\u00bbhttp:\/\/reportage.proalps.ch\/wp-content\/uploads\/2018\/11\/DSC7994.jpg\u00a0\u00bb parallaxbg=\u00a0\u00bbon\u00a0\u00bb captionposition=\u00a0\u00bbbottom-left\u00a0\u00bb lightbox=\u00a0\u00bboff\u00a0\u00bb floater=\u00a0\u00bboff\u00a0\u00bb floaterposition=\u00a0\u00bbleft\u00a0\u00bb floaterdirection=\u00a0\u00bbnone\u00a0\u00bb overlay_revealfx=\u00a0\u00bboff\u00a0\u00bb]\n<h3>Les frais trompeurs<\/h3>\n<p>De l&rsquo;autre c\u00f4t\u00e9 du Gothard, sur l&rsquo;aire de ravitaillement San Gottardo Sud. Nous nous entretenons \u00e0 nouveau avec un chauffeur roumain qui roule pour une entreprise n\u00e9erlandaise et gagne environ 2000 euros. La firme ne paie les charges sociales que sur la base d&rsquo;un salaire de 500 euros, le reste \u00e9tant comptabilis\u00e9 en charge. Le chef a cependant consenti \u00e0 ce que son chauffeur paie aussi de sa propre poche afin d&rsquo;obtenir plus tard une retraite plus \u00e9lev\u00e9e. Le routier se r\u00e9jouit d&rsquo;avoir fait une si bonne affaire et d&rsquo;avoir un bon employeur. Il n&rsquo;a pas conscience que celui-ci en fait le trompe.<\/p>\n<p>Cela en vaut la peine. Jan Bergath dans son \u00e9tude \u00ab <a href=\"http:\/\/library.fes.de\/pdf-files\/id-moe\/14197.pdf\" target=\"_blank\" rel=\"noopener\">Wenn m\u00f6glich, bitte wenden<\/a>\u00bb a calcul\u00e9 que les entreprises de transport d&rsquo;Europe de l&rsquo;Est ou leurs filiales en Europe occidentale qui se soustraient aux charges sociales &#8211; auraient un \u00ab avantage en termes de co\u00fbts d&rsquo;au moins 24 000 euros \u00bb par chauffeur. Du fait qu&rsquo;aucun salaire n&rsquo;est vers\u00e9 en g\u00e9n\u00e9ral en cas de maladie, cette \u00e9conomie des co\u00fbts augmente encore.<\/p>\n<p>Cette tromperie sur les co\u00fbts fausse la concurrence. Cependant, tant que le trafic routier de marchandises ne sera pas soumis \u00e0 des contr\u00f4les syst\u00e9matiques et sanctionn\u00e9s, il restera bien entendu moins cher et emp\u00eachera le rail d&rsquo;\u00eatre concurrentiel.<\/p>\n","protected":false},"excerpt":{"rendered":"<p>Direction Gothard, juste avant Erstfeld, se trouve le centre de comp\u00e9tence trafic lourd (CCTL) qui est g\u00e9r\u00e9 par la police cantonale uranaise. Chaque poids lourd doit quitter l&rsquo;autoroute ici et passer devant les employ\u00e9s du CCTL. Ainsi lorsqu\u2019ils consid\u00e8rent qu\u2019un v\u00e9hicule est en mauvais, il est aiguill\u00e9 pour \u00eatre examin\u00e9 sous toutes les coutures. Cependant, [&hellip;]<\/p>\n","protected":false},"author":8,"featured_media":578,"comment_status":"closed","ping_status":"open","sticky":false,"template":"","format":"standard","meta":{"inline_featured_image":false,"_exactmetrics_skip_tracking":false,"_exactmetrics_sitenote_active":false,"_exactmetrics_sitenote_note":"","_exactmetrics_sitenote_category":0,"footnotes":""},"categories":[23],"tags":[],"class_list":["post-902","post","type-post","status-publish","format-standard","has-post-thumbnail","hentry","category-chapitre-6"],"yoast_head":"<!-- This site is optimized with the Yoast SEO plugin v27.1.1 - https:\/\/yoast.com\/product\/yoast-seo-wordpress\/ -->\n<title>Des contr\u00f4les s\u00e9v\u00e8res - Vivre en cabine<\/title>\n<meta name=\"robots\" content=\"index, follow, max-snippet:-1, max-image-preview:large, max-video-preview:-1\" \/>\n<link rel=\"canonical\" href=\"https:\/\/reportage.proalps.ch\/fr\/chapitre6\/\" \/>\n<meta property=\"og:locale\" content=\"fr_FR\" \/>\n<meta property=\"og:type\" content=\"article\" \/>\n<meta property=\"og:title\" content=\"Des contr\u00f4les s\u00e9v\u00e8res - Vivre en cabine\" \/>\n<meta property=\"og:description\" content=\"Direction Gothard, juste avant Erstfeld, se trouve le centre de comp\u00e9tence trafic lourd (CCTL) qui est g\u00e9r\u00e9 par la police cantonale uranaise. Chaque poids lourd doit quitter l&rsquo;autoroute ici et passer devant les employ\u00e9s du CCTL. Ainsi lorsqu\u2019ils consid\u00e8rent qu\u2019un v\u00e9hicule est en mauvais, il est aiguill\u00e9 pour \u00eatre examin\u00e9 sous toutes les coutures. Cependant, [&hellip;]\" \/>\n<meta property=\"og:url\" content=\"https:\/\/reportage.proalps.ch\/fr\/chapitre6\/\" \/>\n<meta property=\"og:site_name\" content=\"Vivre en cabine\" \/>\n<meta property=\"article:published_time\" content=\"2018-10-26T18:32:35+00:00\" \/>\n<meta property=\"article:modified_time\" content=\"2018-11-15T09:10:05+00:00\" \/>\n<meta property=\"og:image\" content=\"https:\/\/reportage.proalps.ch\/wp-content\/uploads\/2018\/11\/reportage_arbeitsbedingungen_LKW-fabian-biasio7.jpg\" \/>\n\t<meta property=\"og:image:width\" content=\"1280\" \/>\n\t<meta property=\"og:image:height\" content=\"720\" \/>\n\t<meta property=\"og:image:type\" content=\"image\/jpeg\" \/>\n<meta name=\"author\" content=\"Philipp Rohrer\" \/>\n<meta name=\"twitter:card\" content=\"summary_large_image\" \/>\n<meta name=\"twitter:label1\" content=\"\u00c9crit par\" \/>\n\t<meta name=\"twitter:data1\" content=\"Philipp Rohrer\" \/>\n\t<meta name=\"twitter:label2\" content=\"Dur\u00e9e de lecture estim\u00e9e\" \/>\n\t<meta name=\"twitter:data2\" content=\"3 minutes\" \/>\n<script type=\"application\/ld+json\" class=\"yoast-schema-graph\">{\"@context\":\"https:\/\/schema.org\",\"@graph\":[{\"@type\":\"Article\",\"@id\":\"https:\/\/reportage.proalps.ch\/fr\/chapitre6\/#article\",\"isPartOf\":{\"@id\":\"https:\/\/reportage.proalps.ch\/fr\/chapitre6\/\"},\"author\":{\"name\":\"Philipp Rohrer\",\"@id\":\"https:\/\/reportage.proalps.ch\/#\/schema\/person\/3657de0ba21911b0673e843ceb6c9091\"},\"headline\":\"Des contr\u00f4les s\u00e9v\u00e8res\",\"datePublished\":\"2018-10-26T18:32:35+00:00\",\"dateModified\":\"2018-11-15T09:10:05+00:00\",\"mainEntityOfPage\":{\"@id\":\"https:\/\/reportage.proalps.ch\/fr\/chapitre6\/\"},\"wordCount\":663,\"image\":{\"@id\":\"https:\/\/reportage.proalps.ch\/fr\/chapitre6\/#primaryimage\"},\"thumbnailUrl\":\"https:\/\/reportage.proalps.ch\/wp-content\/uploads\/2018\/11\/reportage_arbeitsbedingungen_LKW-fabian-biasio7.jpg\",\"articleSection\":[\"Chapitre 6\"],\"inLanguage\":\"fr-FR\"},{\"@type\":\"WebPage\",\"@id\":\"https:\/\/reportage.proalps.ch\/fr\/chapitre6\/\",\"url\":\"https:\/\/reportage.proalps.ch\/fr\/chapitre6\/\",\"name\":\"Des contr\u00f4les s\u00e9v\u00e8res - Vivre en cabine\",\"isPartOf\":{\"@id\":\"https:\/\/reportage.proalps.ch\/#website\"},\"primaryImageOfPage\":{\"@id\":\"https:\/\/reportage.proalps.ch\/fr\/chapitre6\/#primaryimage\"},\"image\":{\"@id\":\"https:\/\/reportage.proalps.ch\/fr\/chapitre6\/#primaryimage\"},\"thumbnailUrl\":\"https:\/\/reportage.proalps.ch\/wp-content\/uploads\/2018\/11\/reportage_arbeitsbedingungen_LKW-fabian-biasio7.jpg\",\"datePublished\":\"2018-10-26T18:32:35+00:00\",\"dateModified\":\"2018-11-15T09:10:05+00:00\",\"author\":{\"@id\":\"https:\/\/reportage.proalps.ch\/#\/schema\/person\/3657de0ba21911b0673e843ceb6c9091\"},\"breadcrumb\":{\"@id\":\"https:\/\/reportage.proalps.ch\/fr\/chapitre6\/#breadcrumb\"},\"inLanguage\":\"fr-FR\",\"potentialAction\":[{\"@type\":\"ReadAction\",\"target\":[\"https:\/\/reportage.proalps.ch\/fr\/chapitre6\/\"]}]},{\"@type\":\"ImageObject\",\"inLanguage\":\"fr-FR\",\"@id\":\"https:\/\/reportage.proalps.ch\/fr\/chapitre6\/#primaryimage\",\"url\":\"https:\/\/reportage.proalps.ch\/wp-content\/uploads\/2018\/11\/reportage_arbeitsbedingungen_LKW-fabian-biasio7.jpg\",\"contentUrl\":\"https:\/\/reportage.proalps.ch\/wp-content\/uploads\/2018\/11\/reportage_arbeitsbedingungen_LKW-fabian-biasio7.jpg\",\"width\":1280,\"height\":720},{\"@type\":\"BreadcrumbList\",\"@id\":\"https:\/\/reportage.proalps.ch\/fr\/chapitre6\/#breadcrumb\",\"itemListElement\":[{\"@type\":\"ListItem\",\"position\":1,\"name\":\"Startseite\",\"item\":\"https:\/\/reportage.proalps.ch\/fr\/\"},{\"@type\":\"ListItem\",\"position\":2,\"name\":\"Des contr\u00f4les s\u00e9v\u00e8res\"}]},{\"@type\":\"WebSite\",\"@id\":\"https:\/\/reportage.proalps.ch\/#website\",\"url\":\"https:\/\/reportage.proalps.ch\/\",\"name\":\"Vivre en cabine\",\"description\":\"De Fabian Biasio (vid\u00e9os et photos) et Susan Boos (textes) \",\"potentialAction\":[{\"@type\":\"SearchAction\",\"target\":{\"@type\":\"EntryPoint\",\"urlTemplate\":\"https:\/\/reportage.proalps.ch\/?s={search_term_string}\"},\"query-input\":{\"@type\":\"PropertyValueSpecification\",\"valueRequired\":true,\"valueName\":\"search_term_string\"}}],\"inLanguage\":\"fr-FR\"},{\"@type\":\"Person\",\"@id\":\"https:\/\/reportage.proalps.ch\/#\/schema\/person\/3657de0ba21911b0673e843ceb6c9091\",\"name\":\"Philipp Rohrer\",\"image\":{\"@type\":\"ImageObject\",\"inLanguage\":\"fr-FR\",\"@id\":\"https:\/\/reportage.proalps.ch\/#\/schema\/person\/image\/\",\"url\":\"https:\/\/secure.gravatar.com\/avatar\/ebbf26b8c60645d7c3402d6e33f3b1f333518686b1916f45e4d6bc2de80e8d9a?s=96&d=mm&r=g\",\"contentUrl\":\"https:\/\/secure.gravatar.com\/avatar\/ebbf26b8c60645d7c3402d6e33f3b1f333518686b1916f45e4d6bc2de80e8d9a?s=96&d=mm&r=g\",\"caption\":\"Philipp Rohrer\"},\"url\":\"https:\/\/reportage.proalps.ch\/fr\/author\/philipp\/\"}]}<\/script>\n<!-- \/ Yoast SEO plugin. -->","yoast_head_json":{"title":"Des contr\u00f4les s\u00e9v\u00e8res - Vivre en cabine","robots":{"index":"index","follow":"follow","max-snippet":"max-snippet:-1","max-image-preview":"max-image-preview:large","max-video-preview":"max-video-preview:-1"},"canonical":"https:\/\/reportage.proalps.ch\/fr\/chapitre6\/","og_locale":"fr_FR","og_type":"article","og_title":"Des contr\u00f4les s\u00e9v\u00e8res - Vivre en cabine","og_description":"Direction Gothard, juste avant Erstfeld, se trouve le centre de comp\u00e9tence trafic lourd (CCTL) qui est g\u00e9r\u00e9 par la police cantonale uranaise. Chaque poids lourd doit quitter l&rsquo;autoroute ici et passer devant les employ\u00e9s du CCTL. Ainsi lorsqu\u2019ils consid\u00e8rent qu\u2019un v\u00e9hicule est en mauvais, il est aiguill\u00e9 pour \u00eatre examin\u00e9 sous toutes les coutures. Cependant, [&hellip;]","og_url":"https:\/\/reportage.proalps.ch\/fr\/chapitre6\/","og_site_name":"Vivre en cabine","article_published_time":"2018-10-26T18:32:35+00:00","article_modified_time":"2018-11-15T09:10:05+00:00","og_image":[{"width":1280,"height":720,"url":"https:\/\/reportage.proalps.ch\/wp-content\/uploads\/2018\/11\/reportage_arbeitsbedingungen_LKW-fabian-biasio7.jpg","type":"image\/jpeg"}],"author":"Philipp Rohrer","twitter_card":"summary_large_image","twitter_misc":{"\u00c9crit par":"Philipp Rohrer","Dur\u00e9e de lecture estim\u00e9e":"3 minutes"},"schema":{"@context":"https:\/\/schema.org","@graph":[{"@type":"Article","@id":"https:\/\/reportage.proalps.ch\/fr\/chapitre6\/#article","isPartOf":{"@id":"https:\/\/reportage.proalps.ch\/fr\/chapitre6\/"},"author":{"name":"Philipp Rohrer","@id":"https:\/\/reportage.proalps.ch\/#\/schema\/person\/3657de0ba21911b0673e843ceb6c9091"},"headline":"Des contr\u00f4les s\u00e9v\u00e8res","datePublished":"2018-10-26T18:32:35+00:00","dateModified":"2018-11-15T09:10:05+00:00","mainEntityOfPage":{"@id":"https:\/\/reportage.proalps.ch\/fr\/chapitre6\/"},"wordCount":663,"image":{"@id":"https:\/\/reportage.proalps.ch\/fr\/chapitre6\/#primaryimage"},"thumbnailUrl":"https:\/\/reportage.proalps.ch\/wp-content\/uploads\/2018\/11\/reportage_arbeitsbedingungen_LKW-fabian-biasio7.jpg","articleSection":["Chapitre 6"],"inLanguage":"fr-FR"},{"@type":"WebPage","@id":"https:\/\/reportage.proalps.ch\/fr\/chapitre6\/","url":"https:\/\/reportage.proalps.ch\/fr\/chapitre6\/","name":"Des contr\u00f4les s\u00e9v\u00e8res - Vivre en cabine","isPartOf":{"@id":"https:\/\/reportage.proalps.ch\/#website"},"primaryImageOfPage":{"@id":"https:\/\/reportage.proalps.ch\/fr\/chapitre6\/#primaryimage"},"image":{"@id":"https:\/\/reportage.proalps.ch\/fr\/chapitre6\/#primaryimage"},"thumbnailUrl":"https:\/\/reportage.proalps.ch\/wp-content\/uploads\/2018\/11\/reportage_arbeitsbedingungen_LKW-fabian-biasio7.jpg","datePublished":"2018-10-26T18:32:35+00:00","dateModified":"2018-11-15T09:10:05+00:00","author":{"@id":"https:\/\/reportage.proalps.ch\/#\/schema\/person\/3657de0ba21911b0673e843ceb6c9091"},"breadcrumb":{"@id":"https:\/\/reportage.proalps.ch\/fr\/chapitre6\/#breadcrumb"},"inLanguage":"fr-FR","potentialAction":[{"@type":"ReadAction","target":["https:\/\/reportage.proalps.ch\/fr\/chapitre6\/"]}]},{"@type":"ImageObject","inLanguage":"fr-FR","@id":"https:\/\/reportage.proalps.ch\/fr\/chapitre6\/#primaryimage","url":"https:\/\/reportage.proalps.ch\/wp-content\/uploads\/2018\/11\/reportage_arbeitsbedingungen_LKW-fabian-biasio7.jpg","contentUrl":"https:\/\/reportage.proalps.ch\/wp-content\/uploads\/2018\/11\/reportage_arbeitsbedingungen_LKW-fabian-biasio7.jpg","width":1280,"height":720},{"@type":"BreadcrumbList","@id":"https:\/\/reportage.proalps.ch\/fr\/chapitre6\/#breadcrumb","itemListElement":[{"@type":"ListItem","position":1,"name":"Startseite","item":"https:\/\/reportage.proalps.ch\/fr\/"},{"@type":"ListItem","position":2,"name":"Des contr\u00f4les s\u00e9v\u00e8res"}]},{"@type":"WebSite","@id":"https:\/\/reportage.proalps.ch\/#website","url":"https:\/\/reportage.proalps.ch\/","name":"Vivre en cabine","description":"De Fabian Biasio (vid\u00e9os et photos) et Susan Boos (textes) ","potentialAction":[{"@type":"SearchAction","target":{"@type":"EntryPoint","urlTemplate":"https:\/\/reportage.proalps.ch\/?s={search_term_string}"},"query-input":{"@type":"PropertyValueSpecification","valueRequired":true,"valueName":"search_term_string"}}],"inLanguage":"fr-FR"},{"@type":"Person","@id":"https:\/\/reportage.proalps.ch\/#\/schema\/person\/3657de0ba21911b0673e843ceb6c9091","name":"Philipp Rohrer","image":{"@type":"ImageObject","inLanguage":"fr-FR","@id":"https:\/\/reportage.proalps.ch\/#\/schema\/person\/image\/","url":"https:\/\/secure.gravatar.com\/avatar\/ebbf26b8c60645d7c3402d6e33f3b1f333518686b1916f45e4d6bc2de80e8d9a?s=96&d=mm&r=g","contentUrl":"https:\/\/secure.gravatar.com\/avatar\/ebbf26b8c60645d7c3402d6e33f3b1f333518686b1916f45e4d6bc2de80e8d9a?s=96&d=mm&r=g","caption":"Philipp Rohrer"},"url":"https:\/\/reportage.proalps.ch\/fr\/author\/philipp\/"}]}},"_links":{"self":[{"href":"https:\/\/reportage.proalps.ch\/fr\/wp-json\/wp\/v2\/posts\/902","targetHints":{"allow":["GET"]}}],"collection":[{"href":"https:\/\/reportage.proalps.ch\/fr\/wp-json\/wp\/v2\/posts"}],"about":[{"href":"https:\/\/reportage.proalps.ch\/fr\/wp-json\/wp\/v2\/types\/post"}],"author":[{"embeddable":true,"href":"https:\/\/reportage.proalps.ch\/fr\/wp-json\/wp\/v2\/users\/8"}],"replies":[{"embeddable":true,"href":"https:\/\/reportage.proalps.ch\/fr\/wp-json\/wp\/v2\/comments?post=902"}],"version-history":[{"count":2,"href":"https:\/\/reportage.proalps.ch\/fr\/wp-json\/wp\/v2\/posts\/902\/revisions"}],"predecessor-version":[{"id":904,"href":"https:\/\/reportage.proalps.ch\/fr\/wp-json\/wp\/v2\/posts\/902\/revisions\/904"}],"wp:featuredmedia":[{"embeddable":true,"href":"https:\/\/reportage.proalps.ch\/fr\/wp-json\/wp\/v2\/media\/578"}],"wp:attachment":[{"href":"https:\/\/reportage.proalps.ch\/fr\/wp-json\/wp\/v2\/media?parent=902"}],"wp:term":[{"taxonomy":"category","embeddable":true,"href":"https:\/\/reportage.proalps.ch\/fr\/wp-json\/wp\/v2\/categories?post=902"},{"taxonomy":"post_tag","embeddable":true,"href":"https:\/\/reportage.proalps.ch\/fr\/wp-json\/wp\/v2\/tags?post=902"}],"curies":[{"name":"wp","href":"https:\/\/api.w.org\/{rel}","templated":true}]}}